{"id":1067,"__str__":"Indica\u00e7\u00e3o n\u00ba 283 de 2022","link_detail_backend":"/materia/1067","metadata":{},"numero":283,"ano":2022,"numero_protocolo":null,"data_apresentacao":"2022-12-01","tipo_apresentacao":"E","data_publicacao":null,"numero_origem_externa":"","ano_origem_externa":null,"data_origem_externa":null,"apelido":"","dias_prazo":null,"data_fim_prazo":null,"em_tramitacao":false,"polemica":false,"objeto":"","complementar":false,"ementa":"O vereador no uso de suas atribui\u00e7\u00f5es legais e regimentais, solicita que, ap\u00f3s ouvido o plen\u00e1rio, seja enviado expediente ao Chefe do Poder Executivo, indicando para que providencie a altera\u00e7\u00e3o do local do sem\u00e1foro presente na Rua 14 de dezembro (cruzamento com a Rua Padre Anchieta), transferindo-o para o cruzamento com a Rua Vicente Ant\u00f4nio Duarte.","indexacao":"","observacao":"","resultado":"","texto_original":null,"data_ultima_atualizacao":"2022-12-08T08:28:30.040971-03:00","ip":"177.185.155.133","ultima_edicao":"2022-12-07T11:05:42.357132-03:00","tipo":3,"regime_tramitacao":1,"tipo_origem_externa":null,"local_origem_externa":null,"user":3,"anexadas":[1086],"autores":[25]}