{"id":1069,"__str__":"Indica\u00e7\u00e3o n\u00ba 284 de 2022","link_detail_backend":"/materia/1069","metadata":{},"numero":284,"ano":2022,"numero_protocolo":null,"data_apresentacao":"2022-12-02","tipo_apresentacao":"","data_publicacao":null,"numero_origem_externa":"","ano_origem_externa":null,"data_origem_externa":null,"apelido":"","dias_prazo":null,"data_fim_prazo":null,"em_tramitacao":false,"polemica":false,"objeto":"","complementar":false,"ementa":"O vereador no uso de suas atribui\u00e7\u00f5es legais e regimentais, solicita ao Presidente desta Casa que, ap\u00f3s ouvido o plen\u00e1rio, seja enviado expediente ao Chefe do Poder Executivo, indicando que disponibilize cadeiras de rodas em cada Unidade B\u00e1sica de Sa\u00fade - UBS do munic\u00edpio para uso dos pacientes.","indexacao":"","observacao":"","resultado":"","texto_original":null,"data_ultima_atualizacao":"2022-12-08T08:28:58.995304-03:00","ip":"177.185.155.133","ultima_edicao":"2022-12-07T11:06:24.686126-03:00","tipo":3,"regime_tramitacao":1,"tipo_origem_externa":null,"local_origem_externa":null,"user":3,"anexadas":[1086],"autores":[33]}