{"id":2550,"__str__":"Parecer de Comiss\u00e3o n\u00ba 231 de 2025","link_detail_backend":"/materia/2550","metadata":{},"numero":231,"ano":2025,"numero_protocolo":null,"data_apresentacao":"2025-10-31","tipo_apresentacao":"","data_publicacao":null,"numero_origem_externa":"","ano_origem_externa":null,"data_origem_externa":null,"apelido":"","dias_prazo":null,"data_fim_prazo":null,"em_tramitacao":false,"polemica":false,"objeto":"","complementar":false,"ementa":"Parecer favor\u00e1vel \u00e0 tramita\u00e7\u00e3o da Proposto de Emenda Lei Org\u00e2nica n\u00ba02/2025 e Emendas. Vereadora relatora Rosani Checelski","indexacao":"","observacao":"","resultado":"","texto_original":"http://sapl.chopinzinho.pr.leg.br/media/sapl/public/materialegislativa/2025/2550/parecer_comissao_especial_proposta_de_emenda_a_lei_organica_n_02_2025_e_emendas.pdf","data_ultima_atualizacao":"2025-11-05T11:33:15.964030-03:00","ip":"45.187.139.158","ultima_edicao":"2025-10-31T09:20:21.648337-03:00","tipo":19,"regime_tramitacao":1,"tipo_origem_externa":null,"local_origem_externa":null,"user":3,"anexadas":[],"autores":[74]}