{"id":2694,"__str__":"Parecer de Comiss\u00e3o n\u00ba 273 de 2025","link_detail_backend":"/materia/2694","metadata":{},"numero":273,"ano":2025,"numero_protocolo":null,"data_apresentacao":"2025-12-04","tipo_apresentacao":"E","data_publicacao":null,"numero_origem_externa":"","ano_origem_externa":null,"data_origem_externa":null,"apelido":"","dias_prazo":null,"data_fim_prazo":null,"em_tramitacao":false,"polemica":false,"objeto":"","complementar":false,"ementa":"Parecer favor\u00e1vel \u00e0 tramita\u00e7\u00e3o da Emenda Modificativa n\u00ba02 ao Projeto de Lei Complementar n\u00ba17-2025. Vereador relator Jorc\u00e9lio Farias","indexacao":"","observacao":"","resultado":"","texto_original":"http://sapl.chopinzinho.pr.leg.br/media/sapl/public/materialegislativa/2025/2694/parecer_em_2_pleic_17_jorcelio.pdf","data_ultima_atualizacao":"2025-12-10T11:36:01.001307-03:00","ip":"45.187.139.158","ultima_edicao":"2025-12-04T09:05:27.367748-03:00","tipo":19,"regime_tramitacao":1,"tipo_origem_externa":null,"local_origem_externa":null,"user":3,"anexadas":[],"autores":[64]}