{"id":2696,"__str__":"Parecer de Comiss\u00e3o n\u00ba 275 de 2025","link_detail_backend":"/materia/2696","metadata":{},"numero":275,"ano":2025,"numero_protocolo":null,"data_apresentacao":"2025-12-04","tipo_apresentacao":"E","data_publicacao":null,"numero_origem_externa":"","ano_origem_externa":null,"data_origem_externa":null,"apelido":"","dias_prazo":null,"data_fim_prazo":null,"em_tramitacao":false,"polemica":false,"objeto":"","complementar":false,"ementa":"Parecer favor\u00e1vel \u00e0 tramita\u00e7\u00e3o da Emenda Supressiva n\u00ba01 ao Projeto de Lei Complementar n\u00ba17-2025. Vereador relator Jorc\u00e9lio Farias","indexacao":"","observacao":"","resultado":"","texto_original":null,"data_ultima_atualizacao":"2025-12-10T11:36:33.556798-03:00","ip":"45.187.139.158","ultima_edicao":"2025-12-04T09:00:30.156590-03:00","tipo":19,"regime_tramitacao":1,"tipo_origem_externa":null,"local_origem_externa":null,"user":3,"anexadas":[],"autores":[64]}