{"id":116,"__str__":"Osmar Checchi (4\u00ba orador)","link_detail_backend":"/sessao/orador/116","metadata":{},"numero_ordem":4,"url_discurso":"","observacao":"Tempo da sess\u00e3o 59:47 a 1:00:22- Presidente relata que haver\u00e1 a resposta ao vereador Paulo Rosa na pr\u00f3xima sess\u00e3o e que parecer tem car\u00e1ter opinativo","upload_anexo":null,"sessao_plenaria":160,"parlamentar":19}